{"id":2559,"date":"2017-01-19T16:51:25","date_gmt":"2017-01-19T15:51:25","guid":{"rendered":"https:\/\/ichs2020poznan.pl\/pl\/?p=2559"},"modified":"2019-10-09T11:25:59","modified_gmt":"2019-10-09T09:25:59","slug":"iv-kongres-w-londynie-2-2-2-2-2-2-2","status":"publish","type":"post","link":"https:\/\/ichs2020poznan.pl\/pl\/iv-kongres-w-wiedniu\/","title":{"rendered":"XII MI\u0118DZYNARODOWY KONGRES NAUK HISTORYCZNYCH WIEDE\u0143 1965"},"content":{"rendered":"<p>XII Mi\u0119dzynarodowy Kongres Nauk Historycznych w Wiedniu rozpocz\u0105\u0142 si\u0119 28 sierpnia 1965 roku i trwa\u0142 do 5 wrze\u015bnia 1965 roku.<\/p>\n<p>Zg\u0142oszenie kandydatury Wiednia na organizatora Kongresu nast\u0105pi\u0142o podczas Zgromadzenia Og\u00f3lnego Mi\u0119dzynarodowego Komitetu Nauk Historycznych, kt\u00f3re odby\u0142o si\u0119 przy okazji X Mi\u0119dzynarodowego Kongresu Nauk Historycznych w Rzymie 11 wrze\u015bnia 1955 roku. Dokona\u0142a tego delegacja austriackich historyk\u00f3w, na kt\u00f3rej czele stali Heinrich Fichtena i Gotbert Moro. XII Mi\u0119dzynarodowy Kongres Nauk Historycznych mia\u0142 by\u0107 powi\u0105zany z obchodami sze\u015b\u0107setnej rocznicy za\u0142o\u017cenia uniwersytetu w Wiedniu. Kandydatura Wiednia zosta\u0142a ostatecznie zaakceptowana na XI Mi\u0119dzynarodowym Kongresie Nauk Historycznych w Sztokholmie w 1960 roku.<\/p>\n<p>Na Kongres przyby\u0142o oko\u0142o 2.500 uczestnik\u00f3w z 43 kraj\u00f3w. Najliczniej reprezentowani byli historycy z Francji i Republiki Federalnej Niemiec, nie mniej liczne by\u0142y delegacje z Wielkiej Brytanii, USA, Austrii i ZSRR. Kongres swoj\u0105 obecno\u015bci\u0105 zaszczycili tacy historycy, jak Aleksander Gieysztor (Polska), Erich Z\u00f6llner (Austria), Victor-Lucien Tapi\u00e9 (Francja), Jacques Droz (Francja).<\/p>\n<p>Otwarcie kongresu odby\u0142o si\u0119 w Wiede\u0144skiej Operze Pa\u0144stwowej. Wyk\u0142ad inauguracyjny wyg\u0142osi\u0142 Alphons Lhotsky.<\/p>\n<p>Na Kongresie omawiano wa\u017cne zagadnienia dotycz\u0105ce metodologii historii, historii powszechnej, historii historiografii. Du\u017cym zainteresowaniem cieszy\u0142y si\u0119 panele po\u015bwi\u0119cone historii staro\u017cytnej i mediewistyce. Jednym z g\u0142\u00f3wnych temat\u00f3w poruszanych na Kongresie by\u0142a jednak kwestia nacjonalizmu i internacjonalizmu w XIX i XX wieku.<\/p>\n<p>Wiede\u0144ski Kongres zako\u0144czy\u0142 si\u0119 niema\u0142ym sukcesem, doceniono sprawn\u0105 organizacj\u0119 oraz wag\u0119 poruszanych podczas obrad problem\u00f3w.<\/p>\n<p>&nbsp;<\/p>\n<p><strong>Bibliografia<\/strong><\/p>\n<ol>\n<li><em>2500 Wissenschaftler bei Wiener Kongre\u00df<\/em>, \u201eVolksstimme\u201d, nr 201 (1965)<\/li>\n<li><em>Die Mitschuld der Reichswehr. Aus den Debatten auf dem XII. Historikerkongre\u00df in Wien<\/em>, \u201eVolksstimme\u201d, nr 204 (1965)<\/li>\n<li><em>Geschichte, die noch nicht im Schulbuch steht<\/em>, \u201eVolksstimme\u201d, nr 206 (1965)<\/li>\n<li>H.S., <em>R\u00fcckblick auf den XII. Internationalen Historikerkongre\u00df in Wien: In der Bereitschaft zum Gespr\u00e4ch<\/em>, \u201eSalzburger Nachrichten\u201d, 7.09.1965<\/li>\n<li><em>Historikerkongre\u00df ist beendet<\/em>, \u201eVolksstimme\u201d, nr 207 (1965)<\/li>\n<li><em>La Pologne au XIIe Congres International des Sciences Historiques a Vienne<\/em>, Warszawa 1965<\/li>\n<\/ol>\n<p><\/p>","protected":false},"excerpt":{"rendered":"<p>XII Mi\u0119dzynarodowy Kongres Nauk Historycznych w Wiedniu rozpocz\u0105\u0142 si\u0119 28 sierpnia 1965 roku i trwa\u0142 do 5 wrze\u015bnia 1965 roku. Zg\u0142oszenie kandydatury Wiednia na organizatora Kongresu nast\u0105pi\u0142o podczas Zgromadzenia Og\u00f3lnego Mi\u0119dzynarodowego Komitetu Nauk Historycznych, kt\u00f3re odby\u0142o si\u0119 przy okazji X Mi\u0119dzynarodowego Kongresu Nauk Historycznych w Rzymie 11 wrze\u015bnia 1955 roku. Dokona\u0142a tego delegacja austriackich historyk\u00f3w, na kt\u00f3rej czele stali Heinrich Fichtena i Gotbert Moro. XII Mi\u0119dzynarodowy Kongres Nauk Historycznych mia\u0142 by\u0107 powi\u0105zany z obchodami sze\u015b\u0107setnej rocznicy za\u0142o\u017cenia uniwersytetu w Wiedniu. Kandydatura Wiednia zosta\u0142a ostatecznie zaakceptowana na XI Mi\u0119dzynarodowym Kongresie Nauk Historycznych w Sztokholmie w 1960 roku. Na Kongres przyby\u0142o oko\u0142o 2.500 uczestnik\u00f3w z 43 kraj\u00f3w. Najliczniej reprezentowani byli historycy z Francji i Republiki Federalnej Niemiec, nie mniej liczne by\u0142y delegacje z Wielkiej Brytanii, USA, Austrii i ZSRR. Kongres swoj\u0105 obecno\u015bci\u0105 zaszczycili tacy historycy, jak Aleksander Gieysztor (Polska), Erich Z\u00f6llner (Austria), Victor-Lucien Tapi\u00e9 (Francja), Jacques Droz (Francja). Otwarcie kongresu odby\u0142o si\u0119 w Wiede\u0144skiej Operze Pa\u0144stwowej. Wyk\u0142ad inauguracyjny wyg\u0142osi\u0142 Alphons Lhotsky. Na Kongresie omawiano wa\u017cne zagadnienia dotycz\u0105ce metodologii historii, historii powszechnej, historii historiografii. Du\u017cym zainteresowaniem cieszy\u0142y si\u0119 panele po\u015bwi\u0119cone historii staro\u017cytnej i mediewistyce. Jednym z g\u0142\u00f3wnych temat\u00f3w poruszanych na Kongresie by\u0142a jednak kwestia nacjonalizmu i internacjonalizmu w XIX i XX wieku. Wiede\u0144ski Kongres zako\u0144czy\u0142 si\u0119 niema\u0142ym sukcesem, doceniono sprawn\u0105 organizacj\u0119 oraz wag\u0119 poruszanych podczas obrad problem\u00f3w. &nbsp; Bibliografia 2500 Wissenschaftler bei Wiener Kongre\u00df, \u201eVolksstimme\u201d, nr 201 (1965) Die Mitschuld der Reichswehr. Aus den Debatten auf dem XII. Historikerkongre\u00df in Wien, \u201eVolksstimme\u201d, nr 204 (1965) Geschichte, die noch nicht im Schulbuch steht, \u201eVolksstimme\u201d, nr 206 (1965) H.S., R\u00fcckblick auf den XII. Internationalen Historikerkongre\u00df in Wien: In der Bereitschaft zum Gespr\u00e4ch, \u201eSalzburger Nachrichten\u201d, 7.09.1965 Historikerkongre\u00df ist beendet, \u201eVolksstimme\u201d, nr 207 (1965) La Pologne au XIIe Congres International des Sciences Historiques a Vienne, Warszawa 1965<\/p>\n","protected":false},"author":4,"featured_media":0,"comment_status":"closed","ping_status":"closed","sticky":false,"template":"","format":"standard","meta":[],"categories":[34],"tags":[],"_links":{"self":[{"href":"https:\/\/ichs2020poznan.pl\/pl\/wp-json\/wp\/v2\/posts\/2559"}],"collection":[{"href":"https:\/\/ichs2020poznan.pl\/pl\/wp-json\/wp\/v2\/posts"}],"about":[{"href":"https:\/\/ichs2020poznan.pl\/pl\/wp-json\/wp\/v2\/types\/post"}],"author":[{"embeddable":true,"href":"https:\/\/ichs2020poznan.pl\/pl\/wp-json\/wp\/v2\/users\/4"}],"replies":[{"embeddable":true,"href":"https:\/\/ichs2020poznan.pl\/pl\/wp-json\/wp\/v2\/comments?post=2559"}],"version-history":[{"count":11,"href":"https:\/\/ichs2020poznan.pl\/pl\/wp-json\/wp\/v2\/posts\/2559\/revisions"}],"predecessor-version":[{"id":3424,"href":"https:\/\/ichs2020poznan.pl\/pl\/wp-json\/wp\/v2\/posts\/2559\/revisions\/3424"}],"wp:attachment":[{"href":"https:\/\/ichs2020poznan.pl\/pl\/wp-json\/wp\/v2\/media?parent=2559"}],"wp:term":[{"taxonomy":"category","embeddable":true,"href":"https:\/\/ichs2020poznan.pl\/pl\/wp-json\/wp\/v2\/categories?post=2559"},{"taxonomy":"post_tag","embeddable":true,"href":"https:\/\/ichs2020poznan.pl\/pl\/wp-json\/wp\/v2\/tags?post=2559"}],"curies":[{"name":"wp","href":"https:\/\/api.w.org\/{rel}","templated":true}]}}