{"id":2551,"date":"2017-01-19T16:38:01","date_gmt":"2017-01-19T15:38:01","guid":{"rendered":"https:\/\/ichs2020poznan.pl\/pl\/?p=2551"},"modified":"2019-06-24T08:50:19","modified_gmt":"2019-06-24T06:50:19","slug":"iv-kongres-w-londynie-2-2-2","status":"publish","type":"post","link":"https:\/\/ichs2020poznan.pl\/pl\/iv-kongres-w-zurichu\/","title":{"rendered":"VIII MI\u0118DZYNARODOWY KONGRES NAUK HISTORYCZNYCH ZURYCH 1938"},"content":{"rendered":"<p>VIII Mi\u0119dzynarodowy Kongres Nauk Historyczny w Zurychu rozpocz\u0105\u0142 si\u0119 28 sierpnia i trwa\u0142 do 4 wrze\u015bnia 1938 roku. Decyzj\u0119 o organizacji Kongresu w Szwajcarii podj\u0119to na VII Mi\u0119dzynarodowym Kongresie Nauk Historycznych w Warszawie w 1933 roku. Kandydatur\u0119 Zurychu zg\u0142osi\u0142 Hans Nabholz i to on stan\u0105\u0142 na czele powo\u0142anego do\u017cycia komitetu organizacyjnego. Jego sekretarzem zosta\u0142 Georg Hoffmann.<\/p>\n<p>Organizatorzy Kongresu borykali si\u0119 z licznymi problemami finansowymi (skutki \u015bwiatowego kryzysu gospodarczego by\u0142y nadal odczuwalne) oraz politycznymi zwi\u0105zanymi z napi\u0119t\u0105 sytuacj\u0105 mi\u0119dzynarodow\u0105. Hans Nabholz d\u0105\u017cy\u0142 do tego, a\u017ceby podczas Kongresu uczestnicy zachowali neutralno\u015b\u0107 i otwarto\u015b\u0107, a podczas obrad poruszali tylko tematy historyczne. Sytuacja skomplikowa\u0142a si\u0119 w marcu 1938 roku wskutek Anschlussu Austrii oraz zawieszenia stosunk\u00f3w dyplomatycznych pomi\u0119dzy Bernem a Moskw\u0105 (w reakcji na polityk\u0119 wewn\u0119trzn\u0105 Stalina). Spad\u0142a wtedy liczba rejestracji uczestnik\u00f3w Kongresu.<\/p>\n<p>Na kongres przyby\u0142o 770 uczestnik\u00f3w z 49 kraj\u00f3w. W por\u00f3wnaniu z wcze\u015bniejszymi kongresami \u2013 w Oslo i Warszawie \u2013 by\u0142 to znacz\u0105cy spadek. Najliczniejsze by\u0142y delegacje Szwajcarii, Niemiec, Polski, Francji, W\u0142och, Wielkiej Brytanii, USA, Belgii i Czechos\u0142owacji. Na Kongresie nie pojawili si\u0119 historycy z ZSRR.<br \/>\nKongres w 1938 roku odbywa\u0142 si\u0119 ju\u017c w cieniu zbli\u017caj\u0105cej si\u0119 wojny. Przez ca\u0142y czas jego trwania odczuwalne by\u0142o wzmo\u017cone napi\u0119cie. Dlatego te\u017c unikano powa\u017cnych debat politycznych, a tak\u017ce dyskusji dotycz\u0105cych historii najnowszej. Obrady przede wszystkim po\u015bwi\u0119cone by\u0142y metodologii historii, historii staro\u017cytnej, mediewistyce oraz historii czas\u00f3w nowo\u017cytnych.<\/p>\n<p>&nbsp;<\/p>\n<p><strong>Bibliografia<\/strong><\/p>\n<ol>\n<li>VIIIe Congres international des sciences historiques: Actes du congres, Zurich 1938.<\/li>\n<li>VIIIe Congres international des sciences historiques: Communications pr\u00e9sent\u00e9es, Zurich 1938.<\/li>\n<li>Adair E.R., The International Congress of Historical Sciences, \u201eThe Canadian Historical Review\u201d, vol. 19 (1938), nr 4, s. 378-386.<\/li>\n<li>Blanchet A., Congres international des sciences historiques a Zurich, \u201eJournal des Savants\u201d, Septembre-Octobre 1938.<\/li>\n<li>Brandi K., Der internationale Historikerkongress in Z\u00fcrich, \u201eHistorische Zeitschrift\u201d, nr 159 (1939), s. 214-218.<\/li>\n<li>Erdmann K.D., Die \u00d6kumene der Historiker: Geschichte der Internationalen Historikerkongresse und des Comit\u00e9 international des sciences historiques, G\u00f6ttingen 1987.<\/li>\n<li>Pour pr\u00e9parer le prochain Congr\u00e9s International des Sciences Historiques, \u201eAnnales d&#8217;histoire \u00e9conomique et sociale\u201d, vol. 8, nr 37 (1936), s. 44-48.<\/li>\n<li>Stadler P., Im Schatten der Kriegsgefahr: der internationale Historikerkongress in Z\u00fcrich 1938, \u201eSchweizer Monatshefte: Zeitschrift f\u00fcr Politik, Wirtschaft, Kultur\u201d, Band 70 (1990), Heft 6, s. 483-495.<\/li>\n<\/ol>\n<p><\/p>","protected":false},"excerpt":{"rendered":"<p>VIII Mi\u0119dzynarodowy Kongres Nauk Historyczny w Zurychu rozpocz\u0105\u0142 si\u0119 28 sierpnia i trwa\u0142 do 4 wrze\u015bnia 1938 roku. Decyzj\u0119 o organizacji Kongresu w Szwajcarii podj\u0119to na VII Mi\u0119dzynarodowym Kongresie Nauk Historycznych w Warszawie w 1933 roku. Kandydatur\u0119 Zurychu zg\u0142osi\u0142 Hans Nabholz i to on stan\u0105\u0142 na czele powo\u0142anego do\u017cycia komitetu organizacyjnego. Jego sekretarzem zosta\u0142 Georg Hoffmann. Organizatorzy Kongresu borykali si\u0119 z licznymi problemami finansowymi (skutki \u015bwiatowego kryzysu gospodarczego by\u0142y nadal odczuwalne) oraz politycznymi zwi\u0105zanymi z napi\u0119t\u0105 sytuacj\u0105 mi\u0119dzynarodow\u0105. Hans Nabholz d\u0105\u017cy\u0142 do tego, a\u017ceby podczas Kongresu uczestnicy zachowali neutralno\u015b\u0107 i otwarto\u015b\u0107, a podczas obrad poruszali tylko tematy historyczne. Sytuacja skomplikowa\u0142a si\u0119 w marcu 1938 roku wskutek Anschlussu Austrii oraz zawieszenia stosunk\u00f3w dyplomatycznych pomi\u0119dzy Bernem a Moskw\u0105 (w reakcji na polityk\u0119 wewn\u0119trzn\u0105 Stalina). Spad\u0142a wtedy liczba rejestracji uczestnik\u00f3w Kongresu. Na kongres przyby\u0142o 770 uczestnik\u00f3w z 49 kraj\u00f3w. W por\u00f3wnaniu z wcze\u015bniejszymi kongresami \u2013 w Oslo i Warszawie \u2013 by\u0142 to znacz\u0105cy spadek. Najliczniejsze by\u0142y delegacje Szwajcarii, Niemiec, Polski, Francji, W\u0142och, Wielkiej Brytanii, USA, Belgii i Czechos\u0142owacji. Na Kongresie nie pojawili si\u0119 historycy z ZSRR. Kongres w 1938 roku odbywa\u0142 si\u0119 ju\u017c w cieniu zbli\u017caj\u0105cej si\u0119 wojny. Przez ca\u0142y czas jego trwania odczuwalne by\u0142o wzmo\u017cone napi\u0119cie. Dlatego te\u017c unikano powa\u017cnych debat politycznych, a tak\u017ce dyskusji dotycz\u0105cych historii najnowszej. Obrady przede wszystkim po\u015bwi\u0119cone by\u0142y metodologii historii, historii staro\u017cytnej, mediewistyce oraz historii czas\u00f3w nowo\u017cytnych. &nbsp; Bibliografia VIIIe Congres international des sciences historiques: Actes du congres, Zurich 1938. VIIIe Congres international des sciences historiques: Communications pr\u00e9sent\u00e9es, Zurich 1938. Adair E.R., The International Congress of Historical Sciences, \u201eThe Canadian Historical Review\u201d, vol. 19 (1938), nr 4, s. 378-386. Blanchet A., Congres international des sciences historiques a Zurich, \u201eJournal des Savants\u201d, Septembre-Octobre 1938. Brandi K., Der internationale Historikerkongress in Z\u00fcrich, \u201eHistorische Zeitschrift\u201d, nr 159 (1939), s. 214-218. Erdmann K.D., Die \u00d6kumene der Historiker: Geschichte der Internationalen Historikerkongresse und des Comit\u00e9 international des sciences historiques, G\u00f6ttingen 1987. Pour pr\u00e9parer le prochain Congr\u00e9s International des Sciences Historiques, \u201eAnnales d&#8217;histoire \u00e9conomique et sociale\u201d, vol. 8, nr 37 (1936), s. 44-48. Stadler P., Im Schatten der Kriegsgefahr: der internationale Historikerkongress in Z\u00fcrich 1938, \u201eSchweizer Monatshefte: Zeitschrift f\u00fcr Politik, Wirtschaft, Kultur\u201d, Band 70 (1990), Heft 6, s. 483-495.<\/p>\n","protected":false},"author":4,"featured_media":0,"comment_status":"closed","ping_status":"closed","sticky":false,"template":"","format":"standard","meta":[],"categories":[34],"tags":[],"_links":{"self":[{"href":"https:\/\/ichs2020poznan.pl\/pl\/wp-json\/wp\/v2\/posts\/2551"}],"collection":[{"href":"https:\/\/ichs2020poznan.pl\/pl\/wp-json\/wp\/v2\/posts"}],"about":[{"href":"https:\/\/ichs2020poznan.pl\/pl\/wp-json\/wp\/v2\/types\/post"}],"author":[{"embeddable":true,"href":"https:\/\/ichs2020poznan.pl\/pl\/wp-json\/wp\/v2\/users\/4"}],"replies":[{"embeddable":true,"href":"https:\/\/ichs2020poznan.pl\/pl\/wp-json\/wp\/v2\/comments?post=2551"}],"version-history":[{"count":9,"href":"https:\/\/ichs2020poznan.pl\/pl\/wp-json\/wp\/v2\/posts\/2551\/revisions"}],"predecessor-version":[{"id":3698,"href":"https:\/\/ichs2020poznan.pl\/pl\/wp-json\/wp\/v2\/posts\/2551\/revisions\/3698"}],"wp:attachment":[{"href":"https:\/\/ichs2020poznan.pl\/pl\/wp-json\/wp\/v2\/media?parent=2551"}],"wp:term":[{"taxonomy":"category","embeddable":true,"href":"https:\/\/ichs2020poznan.pl\/pl\/wp-json\/wp\/v2\/categories?post=2551"},{"taxonomy":"post_tag","embeddable":true,"href":"https:\/\/ichs2020poznan.pl\/pl\/wp-json\/wp\/v2\/tags?post=2551"}],"curies":[{"name":"wp","href":"https:\/\/api.w.org\/{rel}","templated":true}]}}