{"id":2056,"date":"2016-11-15T11:55:22","date_gmt":"2016-11-15T10:55:22","guid":{"rendered":"https:\/\/ichs2020poznan.pl\/pl\/?p=2056"},"modified":"2021-10-31T21:18:03","modified_gmt":"2021-10-31T20:18:03","slug":"michal-kolasinski","status":"publish","type":"post","link":"https:\/\/ichs2020poznan.pl\/pl\/michal-kolasinski\/","title":{"rendered":"Micha\u0142 Kolasi\u0144ski"},"content":{"rendered":"<p>Absolwent Uniwersytetu Miko\u0142aja Kopernika w Toruniu \u2013\u00a0 stosunki mi\u0119dzynarodowe (2005 r.), doktor nauk humanistycznych w zakresie historii (2010 r.). Uczestnik projekt\u00f3w analitycznych w ramach zespo\u0142\u00f3w O\u015brodka Studi\u00f3w Wschodnich w Warszawie i Centrum Europejskiego Natolin w Warszawie. Autor publikacji naukowych w zakresie stosunk\u00f3w mi\u0119dzynarodowych w Europie Wschodniej i na obszarze postradzieckim w perspektywie historycznej i wsp\u00f3\u0142czesnej. Pracownik Biura Wsp\u00f3\u0142pracy Mi\u0119dzynarodowej Urz\u0119du Marsza\u0142kowskiego Wojew\u00f3dztwa Wielkopolskiego w Poznaniu od wrze\u015bnia 2011 r. Koordynator wsp\u00f3\u0142pracy Wojew\u00f3dztwa Wielkopolskiego z partnerami pozaeuropejskimi. Jeden z pracownik\u00f3w delegowanych do prowadzenia wsp\u00f3\u0142pracy z partnerami Wielkopolski z obszaru b. ZSRR. Wsp\u00f3\u0142autor i wsp\u00f3\u0142realizator projekt\u00f3w z zakresu pomocy rozwojowej dla kraj\u00f3w obszaru Partnerstwa Wschodniego. Koordynator programu sta\u017cowego dla urz\u0119dnik\u00f3w z region\u00f3w partnerskich \u201eWielkopolska Akademia Samorz\u0105dno\u015bci\u201d.<\/p>","protected":false},"excerpt":{"rendered":"<p>Absolwent Uniwersytetu Miko\u0142aja Kopernika w Toruniu \u2013\u00a0 stosunki mi\u0119dzynarodowe (2005 r.), doktor nauk humanistycznych w zakresie historii (2010 r.). Uczestnik projekt\u00f3w analitycznych w ramach zespo\u0142\u00f3w O\u015brodka Studi\u00f3w Wschodnich w Warszawie i Centrum Europejskiego Natolin w Warszawie. Autor publikacji naukowych w zakresie stosunk\u00f3w mi\u0119dzynarodowych w Europie Wschodniej i na obszarze postradzieckim w perspektywie historycznej i wsp\u00f3\u0142czesnej. Pracownik Biura Wsp\u00f3\u0142pracy Mi\u0119dzynarodowej Urz\u0119du Marsza\u0142kowskiego Wojew\u00f3dztwa Wielkopolskiego w Poznaniu od wrze\u015bnia 2011 r. Koordynator wsp\u00f3\u0142pracy Wojew\u00f3dztwa Wielkopolskiego z partnerami pozaeuropejskimi. Jeden z pracownik\u00f3w delegowanych do prowadzenia wsp\u00f3\u0142pracy z partnerami Wielkopolski z obszaru b. ZSRR. Wsp\u00f3\u0142autor i wsp\u00f3\u0142realizator projekt\u00f3w z zakresu pomocy rozwojowej dla kraj\u00f3w obszaru Partnerstwa Wschodniego. Koordynator programu sta\u017cowego dla urz\u0119dnik\u00f3w z region\u00f3w partnerskich \u201eWielkopolska Akademia Samorz\u0105dno\u015bci\u201d.<\/p>\n","protected":false},"author":1,"featured_media":3058,"comment_status":"closed","ping_status":"closed","sticky":false,"template":"","format":"standard","meta":[],"categories":[31],"tags":[],"_links":{"self":[{"href":"https:\/\/ichs2020poznan.pl\/pl\/wp-json\/wp\/v2\/posts\/2056"}],"collection":[{"href":"https:\/\/ichs2020poznan.pl\/pl\/wp-json\/wp\/v2\/posts"}],"about":[{"href":"https:\/\/ichs2020poznan.pl\/pl\/wp-json\/wp\/v2\/types\/post"}],"author":[{"embeddable":true,"href":"https:\/\/ichs2020poznan.pl\/pl\/wp-json\/wp\/v2\/users\/1"}],"replies":[{"embeddable":true,"href":"https:\/\/ichs2020poznan.pl\/pl\/wp-json\/wp\/v2\/comments?post=2056"}],"version-history":[{"count":4,"href":"https:\/\/ichs2020poznan.pl\/pl\/wp-json\/wp\/v2\/posts\/2056\/revisions"}],"predecessor-version":[{"id":2784,"href":"https:\/\/ichs2020poznan.pl\/pl\/wp-json\/wp\/v2\/posts\/2056\/revisions\/2784"}],"wp:featuredmedia":[{"embeddable":true,"href":"https:\/\/ichs2020poznan.pl\/pl\/wp-json\/wp\/v2\/media\/3058"}],"wp:attachment":[{"href":"https:\/\/ichs2020poznan.pl\/pl\/wp-json\/wp\/v2\/media?parent=2056"}],"wp:term":[{"taxonomy":"category","embeddable":true,"href":"https:\/\/ichs2020poznan.pl\/pl\/wp-json\/wp\/v2\/categories?post=2056"},{"taxonomy":"post_tag","embeddable":true,"href":"https:\/\/ichs2020poznan.pl\/pl\/wp-json\/wp\/v2\/tags?post=2056"}],"curies":[{"name":"wp","href":"https:\/\/api.w.org\/{rel}","templated":true}]}}