{"id":1928,"date":"2016-11-10T10:21:39","date_gmt":"2016-11-10T09:21:39","guid":{"rendered":"https:\/\/ichs2020poznan.pl\/pl\/?p=1928"},"modified":"2021-03-06T16:31:41","modified_gmt":"2021-03-06T15:31:41","slug":"7-kongres-w-warszawie","status":"publish","type":"post","link":"https:\/\/ichs2020poznan.pl\/pl\/vii-kongres-w-warszawie\/","title":{"rendered":"VII KONGRES W WARSZAWIE"},"content":{"rendered":"<p><\/p>\n<div class=\"side-left\"><img src=\"https:\/\/ichs2020poznan.pl\/wp-content\/uploads\/2016\/06\/logo-kongres-international.png\" alt=\"\" \/><\/div>\n<p>Decyzja o przyznaniu Polsce organizacji kongresu, kt\u00f3ra zapad\u0142a jednog\u0142o\u015bnie na VI Mi\u0119dzynarodowym Kongresie Nauk Historycznych w Oslo w 1928 roku, by\u0142a ogromnym wyr\u00f3\u017cnieniem i niew\u0105tpliwie stanowi\u0142a wyraz uznania dla szybkiego awansu polskiej historiografii. Architektami tamtego sukcesu byli Marceli Handelsman, kt\u00f3ry jako pierwszy (ju\u017c w 1920 roku) zg\u0142osi\u0142 pomys\u0142 organizacji w Polsce kongresu, oraz Bronis\u0142aw Dembi\u0144ski, kt\u00f3ry od 1926 roku zasiada\u0142 w Zarz\u0105dzie powo\u0142anego wtedy formalnie do \u017cycia Mi\u0119dzynarodowego Komitetu Nauk Historycznych (CISH). Przygotowania do kongresu rozpocz\u0119\u0142y si\u0119 ju\u017c w 1929 roku. Przewodnicz\u0105cym Komitetu Organizacyjnego zosta\u0142 Bronis\u0142aw Dembi\u0144ski, jego zast\u0119pcami Stefan Ehrenkreutz, Oskar Halecki, Marceli Handelsman i Wac\u0142aw Sobieski, a sekretarzem generalnym Tadeusz Manteuffel. Du\u017cej pomocy finansowej (w wysoko\u015bci oko\u0142o 100 tys. z\u0142), mimo kryzysu, udzieli\u0142 organizatorom rz\u0105d, g\u0142\u00f3wnie Ministerstwo Wyzna\u0144 i O\u015bwiecenia Publicznego.<\/p>\n<p>Otwarcie kongresu odby\u0142o si\u0119 21 sierpnia 1933 roku w du\u017cej auli Politechniki Warszawskiej w obecno\u015bci najwy\u017cszych w\u0142adz pa\u0144stwowych, z prezydentem Ignacym Mo\u015bcickim na czele. W sumie w kongresie wzi\u0119\u0142o udzia\u0142 oko\u0142o 1100 historyk\u00f3w z 31 kraj\u00f3w. Najliczniej reprezentowani byli Polacy (przesz\u0142o 60%), a w dalszej kolejno\u015bci Francuzi, W\u0142osi, Niemcy i Anglicy. Na kongres z\u0142o\u017cy\u0142o si\u0119 15 sekcji i 13 posiedze\u0144 specjalnych. W sprawozdaniach akcentowano du\u017cy udzia\u0142 tematyki polskiej. Co ciekawe, ceremonia zamkni\u0119cia odby\u0142a si\u0119 28 sierpnia w Krakowie, gdzie uczestnicy zostali przewiezieni specjalnym poci\u0105giem.<\/p>\n<p>Organizacj\u0119 warszawskiego kongresu oceniono wysoko, a presti\u017c \u00f3wczesnej polskiej historiografii znalaz\u0142 swe odzwierciedlenie w wyborze Bronis\u0142awa Dembi\u0144skiego na wiceprezydenta CISH. Funkcj\u0119 t\u0119 pe\u0142ni\u0142 on do 1938 roku. Wtedy w jego miejsce do Zarz\u0105du CISH wybrano innego reprezentanta Polski \u2013 Marcelego Handelsmana.<\/p>\n<p>Logo VII Mi\u0119dzynarodowego Kongresu Nauk Historycznych w Warszawie zaprojektowa\u0142 Edward Manteuffel-Szoege (1808-1940).<\/p>\n<p>&nbsp;<\/p>\n<p><strong>Publikacje\u00a0kongresowe<\/strong><\/p>\n<ol>\n<li><em>VIIe Congr\u00e8s international des sciences historiques: Varsovie, du 21 au 28 ao\u00fbt 1933<\/em>, Warszawa 1933<\/li>\n<li><em>VIIe Congr\u00e8s International des Sciences Historiques: Rapports pr\u00e9sent\u00e9s au Congr\u00e8s de Varsovie<\/em>, \u201eBulletin of the International Committee of Historical Sciences\u201d,\u00a0t. 5 (1933)<\/li>\n<li><em>VIIe Congr\u00e8s International des Sciences Historiques. R\u00e9sum\u00e9s des Communications pr\u00e9sent\u00e9s au Congr\u00e8s, Varsovie 1933<\/em>, t. 1-2, red. T. Manteuffel, Warszawa 1933<\/li>\n<li><em>La Pologne au VIIe Congr\u00e8s International des Sciences Historiques, Varsovie 1933<\/em>, t.\u00a01-3, red. O. Halecki, Warszawa 1933<\/li>\n<li>B. Dembi\u0144ski, O. Halecki, M. Handelsman, <em>L\u2019historiographie Polonaise du XIX-me et du XX-me siecle: VII-e Congres International des Sciences Historiques Varsovie 1933<\/em>, Warszawa 1933<\/li>\n<\/ol>\n<p>\u0179r\u00f3d\u0142o ilustracji &#8211; Narodowe Archiwum Cyfrowe: NAC 1-M-526-5; NAC 1-M-526-8; NAC 1-M-526-4; NAC 1-M-527-4<\/p>","protected":false},"excerpt":{"rendered":"<p>Decyzja o przyznaniu Polsce organizacji kongresu, kt\u00f3ra zapad\u0142a jednog\u0142o\u015bnie na VI Mi\u0119dzynarodowym Kongresie Nauk Historycznych w Oslo w 1928 roku, by\u0142a ogromnym wyr\u00f3\u017cnieniem i niew\u0105tpliwie stanowi\u0142a wyraz uznania dla szybkiego awansu polskiej historiografii. Architektami tamtego sukcesu byli Marceli Handelsman, kt\u00f3ry jako pierwszy (ju\u017c w 1920 roku) zg\u0142osi\u0142 pomys\u0142 organizacji w Polsce kongresu, oraz Bronis\u0142aw Dembi\u0144ski, kt\u00f3ry od 1926 roku zasiada\u0142 w Zarz\u0105dzie powo\u0142anego wtedy formalnie do \u017cycia Mi\u0119dzynarodowego Komitetu Nauk Historycznych (CISH). Przygotowania do kongresu rozpocz\u0119\u0142y si\u0119 ju\u017c w 1929 roku. Przewodnicz\u0105cym Komitetu Organizacyjnego zosta\u0142 Bronis\u0142aw Dembi\u0144ski, jego zast\u0119pcami Stefan Ehrenkreutz, Oskar Halecki, Marceli Handelsman i Wac\u0142aw Sobieski, a sekretarzem generalnym Tadeusz Manteuffel. Du\u017cej pomocy finansowej (w wysoko\u015bci oko\u0142o 100 tys. z\u0142), mimo kryzysu, udzieli\u0142 organizatorom rz\u0105d, g\u0142\u00f3wnie Ministerstwo Wyzna\u0144 i O\u015bwiecenia Publicznego. Otwarcie kongresu odby\u0142o si\u0119 21 sierpnia 1933 roku w du\u017cej auli Politechniki Warszawskiej w obecno\u015bci najwy\u017cszych w\u0142adz pa\u0144stwowych, z prezydentem Ignacym Mo\u015bcickim na czele. W sumie w kongresie wzi\u0119\u0142o udzia\u0142 oko\u0142o 1100 historyk\u00f3w z 31 kraj\u00f3w. Najliczniej reprezentowani byli Polacy (przesz\u0142o 60%), a w dalszej kolejno\u015bci Francuzi, W\u0142osi, Niemcy i Anglicy. Na kongres z\u0142o\u017cy\u0142o si\u0119 15 sekcji i 13 posiedze\u0144 specjalnych. W sprawozdaniach akcentowano du\u017cy udzia\u0142 tematyki polskiej. Co ciekawe, ceremonia zamkni\u0119cia odby\u0142a si\u0119 28 sierpnia w Krakowie, gdzie uczestnicy zostali przewiezieni specjalnym poci\u0105giem. Organizacj\u0119 warszawskiego kongresu oceniono wysoko, a presti\u017c \u00f3wczesnej polskiej historiografii znalaz\u0142 swe odzwierciedlenie w wyborze Bronis\u0142awa Dembi\u0144skiego na wiceprezydenta CISH. Funkcj\u0119 t\u0119 pe\u0142ni\u0142 on do 1938 roku. Wtedy w jego miejsce do Zarz\u0105du CISH wybrano innego reprezentanta Polski \u2013 Marcelego Handelsmana. Logo VII Mi\u0119dzynarodowego Kongresu Nauk Historycznych w Warszawie zaprojektowa\u0142 Edward Manteuffel-Szoege (1808-1940). &nbsp; Publikacje\u00a0kongresowe VIIe Congr\u00e8s international des sciences historiques: Varsovie, du 21 au 28 ao\u00fbt 1933, Warszawa 1933 VIIe Congr\u00e8s International des Sciences Historiques: Rapports pr\u00e9sent\u00e9s au Congr\u00e8s de Varsovie, \u201eBulletin of the International Committee of Historical Sciences\u201d,\u00a0t. 5 (1933) VIIe Congr\u00e8s International des Sciences Historiques. R\u00e9sum\u00e9s des Communications pr\u00e9sent\u00e9s au Congr\u00e8s, Varsovie 1933, t. 1-2, red. T. Manteuffel, Warszawa 1933 La Pologne au VIIe Congr\u00e8s International des Sciences Historiques, Varsovie 1933, t.\u00a01-3, red. O. Halecki, Warszawa 1933 B. Dembi\u0144ski, O. Halecki, M. Handelsman, L\u2019historiographie Polonaise du XIX-me et du XX-me siecle: VII-e Congres International des Sciences Historiques Varsovie 1933, Warszawa 1933 \u0179r\u00f3d\u0142o ilustracji &#8211; Narodowe Archiwum Cyfrowe: NAC 1-M-526-5; NAC 1-M-526-8; NAC 1-M-526-4; NAC 1-M-527-4<\/p>\n","protected":false},"author":7,"featured_media":0,"comment_status":"closed","ping_status":"closed","sticky":false,"template":"","format":"standard","meta":[],"categories":[34],"tags":[],"_links":{"self":[{"href":"https:\/\/ichs2020poznan.pl\/pl\/wp-json\/wp\/v2\/posts\/1928"}],"collection":[{"href":"https:\/\/ichs2020poznan.pl\/pl\/wp-json\/wp\/v2\/posts"}],"about":[{"href":"https:\/\/ichs2020poznan.pl\/pl\/wp-json\/wp\/v2\/types\/post"}],"author":[{"embeddable":true,"href":"https:\/\/ichs2020poznan.pl\/pl\/wp-json\/wp\/v2\/users\/7"}],"replies":[{"embeddable":true,"href":"https:\/\/ichs2020poznan.pl\/pl\/wp-json\/wp\/v2\/comments?post=1928"}],"version-history":[{"count":44,"href":"https:\/\/ichs2020poznan.pl\/pl\/wp-json\/wp\/v2\/posts\/1928\/revisions"}],"predecessor-version":[{"id":4530,"href":"https:\/\/ichs2020poznan.pl\/pl\/wp-json\/wp\/v2\/posts\/1928\/revisions\/4530"}],"wp:attachment":[{"href":"https:\/\/ichs2020poznan.pl\/pl\/wp-json\/wp\/v2\/media?parent=1928"}],"wp:term":[{"taxonomy":"category","embeddable":true,"href":"https:\/\/ichs2020poznan.pl\/pl\/wp-json\/wp\/v2\/categories?post=1928"},{"taxonomy":"post_tag","embeddable":true,"href":"https:\/\/ichs2020poznan.pl\/pl\/wp-json\/wp\/v2\/tags?post=1928"}],"curies":[{"name":"wp","href":"https:\/\/api.w.org\/{rel}","templated":true}]}}