{"id":1884,"date":"2016-11-07T18:12:46","date_gmt":"2016-11-07T17:12:46","guid":{"rendered":"https:\/\/ichs2020poznan.pl\/pl\/?p=1884"},"modified":"2017-03-02T21:19:38","modified_gmt":"2017-03-02T20:19:38","slug":"marek-wozniak-2","status":"publish","type":"post","link":"https:\/\/ichs2020poznan.pl\/pl\/mariusz-wisniewski\/","title":{"rendered":"Mariusz Wi\u015bniewski"},"content":{"rendered":"<p>Absolwent politologii oraz prawa na UAM w Poznaniu. W latach 2006\u201314 Radny Miasta Poznania. Wcze\u015bniej m.in. dziennikarz sportowy (1998\u20132000), przewodnicz\u0105cy Zarz\u0105du Krajowego Niezale\u017cnego Zrzeszenia Student\u00f3w (2001\u20132003), doradca Wojewody Wlkp. (2008\u201314), wyk\u0142adowca akademicki (2012\u201314), wiceprezes Funduszu Rozwoju i Promocji Wojew\u00f3dztwa Wielkopolskiego SA. (2014).W latach 2008\u20132014 pracowa\u0142 w Zespole Doradc\u00f3w Wojewody Wielkopolskiego Piotra Florka, gdzie by\u0142 m.in. zaanga\u017cowany w organizacj\u0119 Konferencji Klimatycznej ONZ w Poznaniu w 2008 r. oraz spotka\u0144 w ramach polskiej Prezydencji w UE, kt\u00f3re odbywa\u0142y si\u0119 w Poznaniu (2011 r.). Od 2003 do 2006 roku pracowa\u0142 w Urz\u0119dzie Miasta Poznania, gdzie by\u0142 organizatorem i koordynatorem pierwszego w Polsce miejskiego programu sta\u017cy studenckich.<\/p>","protected":false},"excerpt":{"rendered":"<p>Absolwent politologii oraz prawa na UAM w Poznaniu. W latach 2006\u201314 Radny Miasta Poznania. Wcze\u015bniej m.in. dziennikarz sportowy (1998\u20132000), przewodnicz\u0105cy Zarz\u0105du Krajowego Niezale\u017cnego Zrzeszenia Student\u00f3w (2001\u20132003), doradca Wojewody Wlkp. (2008\u201314), wyk\u0142adowca akademicki (2012\u201314), wiceprezes Funduszu Rozwoju i Promocji Wojew\u00f3dztwa Wielkopolskiego SA. (2014).W latach 2008\u20132014 pracowa\u0142 w Zespole Doradc\u00f3w Wojewody Wielkopolskiego Piotra Florka, gdzie by\u0142 m.in. zaanga\u017cowany w organizacj\u0119 Konferencji Klimatycznej ONZ w Poznaniu w 2008 r. oraz spotka\u0144 w ramach polskiej Prezydencji w UE, kt\u00f3re odbywa\u0142y si\u0119 w Poznaniu (2011 r.). Od 2003 do 2006 roku pracowa\u0142 w Urz\u0119dzie Miasta Poznania, gdzie by\u0142 organizatorem i koordynatorem pierwszego w Polsce miejskiego programu sta\u017cy studenckich.<\/p>\n","protected":false},"author":1,"featured_media":2991,"comment_status":"closed","ping_status":"closed","sticky":false,"template":"","format":"standard","meta":[],"categories":[32,29],"tags":[],"_links":{"self":[{"href":"https:\/\/ichs2020poznan.pl\/pl\/wp-json\/wp\/v2\/posts\/1884"}],"collection":[{"href":"https:\/\/ichs2020poznan.pl\/pl\/wp-json\/wp\/v2\/posts"}],"about":[{"href":"https:\/\/ichs2020poznan.pl\/pl\/wp-json\/wp\/v2\/types\/post"}],"author":[{"embeddable":true,"href":"https:\/\/ichs2020poznan.pl\/pl\/wp-json\/wp\/v2\/users\/1"}],"replies":[{"embeddable":true,"href":"https:\/\/ichs2020poznan.pl\/pl\/wp-json\/wp\/v2\/comments?post=1884"}],"version-history":[{"count":8,"href":"https:\/\/ichs2020poznan.pl\/pl\/wp-json\/wp\/v2\/posts\/1884\/revisions"}],"predecessor-version":[{"id":2695,"href":"https:\/\/ichs2020poznan.pl\/pl\/wp-json\/wp\/v2\/posts\/1884\/revisions\/2695"}],"wp:featuredmedia":[{"embeddable":true,"href":"https:\/\/ichs2020poznan.pl\/pl\/wp-json\/wp\/v2\/media\/2991"}],"wp:attachment":[{"href":"https:\/\/ichs2020poznan.pl\/pl\/wp-json\/wp\/v2\/media?parent=1884"}],"wp:term":[{"taxonomy":"category","embeddable":true,"href":"https:\/\/ichs2020poznan.pl\/pl\/wp-json\/wp\/v2\/categories?post=1884"},{"taxonomy":"post_tag","embeddable":true,"href":"https:\/\/ichs2020poznan.pl\/pl\/wp-json\/wp\/v2\/tags?post=1884"}],"curies":[{"name":"wp","href":"https:\/\/api.w.org\/{rel}","templated":true}]}}