{"id":2903,"date":"2017-02-21T18:31:40","date_gmt":"2017-02-21T17:31:40","guid":{"rendered":"https:\/\/ichs2020poznan.pl\/pl\/?p=2903"},"modified":"2022-03-03T21:28:38","modified_gmt":"2022-03-03T20:28:38","slug":"karolina-filipowska-2","status":"publish","type":"post","link":"https:\/\/ichs2020poznan.pl\/fr\/karolina-filipowska\/","title":{"rendered":"Karolina Filipowska"},"content":{"rendered":"<p><strong>DOMAINES de RECHERCHES:<\/strong><\/p>\n<p>Histoire de la r\u00e9gion de Pozna\u0144 aux XIXe et XXe si\u00e8cles; relations entre les nations sur le territoire polonais aux XIXe et XXe si\u00e8cles, particuli\u00e8rement les relations polono-allemandes-juives en Grande-Pologne \u00e0 l&rsquo;\u00e9poque des partages; histoire de la population juive sur le territoire polonais (questions d\u00e9mographiques, socio-\u00e9conomiques, d&rsquo;identit\u00e9 ainsi que mobilit\u00e9 sociale et processus de migration)<\/p>\n<p><strong>PUBLICATIONS IMPORTANTES:<\/strong><\/p>\n<ul>\n<li><em>Spo\u0142eczno\u015b\u0107 \u017cydowska w Wolsztynie na prze\u0142omie XIX i XX wieku<\/em>\u00a0[La communaut\u00e9 juive \u00e0 Wolsztyn entre le XIXe et le XXe si\u00e8cles], Kronika Wielkoposki\u00a0 3(155)\/2015, p.9-21<\/li>\n<li><em>Polsko-\u017cydowskie polemiki na posiedzeniach rady miejskiej w Poznaniu w ostatnich miesi\u0105cach 1918 roku<\/em> (na podstawie doniesie\u0144 pasowych) [Les pol\u00e9miques polono-juives pendant les r\u00e9unions du conseil municipal \u00e0 Pozna\u0144 \u00e0 la fin de 1918 (selon les informations de presse)], Miasteczko Pozna\u0144 1-2\/2015, p. 138-147<\/li>\n<li>Spo\u0142eczno\u015b\u0107 \u017cydowska Poznania w latach 1914-1918 na \u0142amach berli\u0144skiej \u201eAllgemeine Zeitung des Judentums\u201d [La communaut\u00e9 juive de Pozna\u0144 dans les ann\u00e9es 1914-1918 selon \u201cAllgemeine Zeitung des Judentums\u201d de Berlin], Kronika Miasta Poznania 3\/2014, p. 259-270<\/li>\n<li><em>Rodzina \u017cydowska w Wolsztynie w latach 1875-1914 na podstawie akt stanu cywilnego<\/em> [La famille juive \u00e0 Wolsztyn dans les ann\u00e9es 1875-1914 selon l&rsquo;acte de l&rsquo;\u00e9tat civil], Kwartalnik Historii \u017byd\u00f3w 2 (250), 2014, p. 401-430<\/li>\n<\/ul>\n<p><strong> MEMBRE des SOCI\u00c9T\u00c9S et ORGANISATIONS SCIENTIFIQUES POLONAISES et INTERNATIONALES:<\/strong><\/p>\n<ul>\n<li>Soci\u00e9t\u00e9 Historique Polonaise<\/li>\n<li>Soci\u00e9t\u00e9 Polonaise des Etudes Juives<\/li>\n<\/ul>\n<p><\/p>","protected":false},"excerpt":{"rendered":"<p>DOMAINES de RECHERCHES: Histoire de la r\u00e9gion de Pozna\u0144 aux XIXe et XXe si\u00e8cles; relations entre les nations sur le territoire polonais aux XIXe et XXe si\u00e8cles, particuli\u00e8rement les relations polono-allemandes-juives en Grande-Pologne \u00e0 l&rsquo;\u00e9poque des partages; histoire de la population juive sur le territoire polonais (questions d\u00e9mographiques, socio-\u00e9conomiques, d&rsquo;identit\u00e9 ainsi que mobilit\u00e9 sociale et processus de migration) PUBLICATIONS IMPORTANTES: Spo\u0142eczno\u015b\u0107 \u017cydowska w Wolsztynie na prze\u0142omie XIX i XX wieku\u00a0[La communaut\u00e9 juive \u00e0 Wolsztyn entre le XIXe et le XXe si\u00e8cles], Kronika Wielkoposki\u00a0 3(155)\/2015, p.9-21 Polsko-\u017cydowskie polemiki na posiedzeniach rady miejskiej w Poznaniu w ostatnich miesi\u0105cach 1918 roku (na podstawie doniesie\u0144 pasowych) [Les pol\u00e9miques polono-juives pendant les r\u00e9unions du conseil municipal \u00e0 Pozna\u0144 \u00e0 la fin de 1918 (selon les informations de presse)], Miasteczko Pozna\u0144 1-2\/2015, p. 138-147 Spo\u0142eczno\u015b\u0107 \u017cydowska Poznania w latach 1914-1918 na \u0142amach berli\u0144skiej \u201eAllgemeine Zeitung des Judentums\u201d [La communaut\u00e9 juive de Pozna\u0144 dans les ann\u00e9es 1914-1918 selon \u201cAllgemeine Zeitung des Judentums\u201d de Berlin], Kronika Miasta Poznania 3\/2014, p. 259-270 Rodzina \u017cydowska w Wolsztynie w latach 1875-1914 na podstawie akt stanu cywilnego [La famille juive \u00e0 Wolsztyn dans les ann\u00e9es 1875-1914 selon l&rsquo;acte de l&rsquo;\u00e9tat civil], Kwartalnik Historii \u017byd\u00f3w 2 (250), 2014, p. 401-430 MEMBRE des SOCI\u00c9T\u00c9S et ORGANISATIONS SCIENTIFIQUES POLONAISES et INTERNATIONALES: Soci\u00e9t\u00e9 Historique Polonaise Soci\u00e9t\u00e9 Polonaise des Etudes Juives<\/p>\n","protected":false},"author":4,"featured_media":0,"comment_status":"closed","ping_status":"closed","sticky":false,"template":"","format":"standard","meta":[],"categories":[32,33],"tags":[],"_links":{"self":[{"href":"https:\/\/ichs2020poznan.pl\/fr\/wp-json\/wp\/v2\/posts\/2903"}],"collection":[{"href":"https:\/\/ichs2020poznan.pl\/fr\/wp-json\/wp\/v2\/posts"}],"about":[{"href":"https:\/\/ichs2020poznan.pl\/fr\/wp-json\/wp\/v2\/types\/post"}],"author":[{"embeddable":true,"href":"https:\/\/ichs2020poznan.pl\/fr\/wp-json\/wp\/v2\/users\/4"}],"replies":[{"embeddable":true,"href":"https:\/\/ichs2020poznan.pl\/fr\/wp-json\/wp\/v2\/comments?post=2903"}],"version-history":[{"count":8,"href":"https:\/\/ichs2020poznan.pl\/fr\/wp-json\/wp\/v2\/posts\/2903\/revisions"}],"predecessor-version":[{"id":3084,"href":"https:\/\/ichs2020poznan.pl\/fr\/wp-json\/wp\/v2\/posts\/2903\/revisions\/3084"}],"wp:attachment":[{"href":"https:\/\/ichs2020poznan.pl\/fr\/wp-json\/wp\/v2\/media?parent=2903"}],"wp:term":[{"taxonomy":"category","embeddable":true,"href":"https:\/\/ichs2020poznan.pl\/fr\/wp-json\/wp\/v2\/categories?post=2903"},{"taxonomy":"post_tag","embeddable":true,"href":"https:\/\/ichs2020poznan.pl\/fr\/wp-json\/wp\/v2\/tags?post=2903"}],"curies":[{"name":"wp","href":"https:\/\/api.w.org\/{rel}","templated":true}]}}