{"id":1844,"date":"2016-11-07T15:21:24","date_gmt":"2016-11-07T14:21:24","guid":{"rendered":"https:\/\/ichs2020poznan.pl\/pl\/?p=1844"},"modified":"2022-08-17T15:03:24","modified_gmt":"2022-08-17T13:03:24","slug":"malgorzata-praczyk","status":"publish","type":"post","link":"https:\/\/ichs2020poznan.pl\/fr\/malgorzata-praczyk\/","title":{"rendered":"Ma\u0142gorzata Praczyk"},"content":{"rendered":"<p><strong>DOMAINES de RECHERCHES:<\/strong><\/p>\n<p>Histoire de l&rsquo;environnement; post-humanisme; \u00e9tudes post-coloniales; \u00e9tudes sur la m\u00e9moire; histoire politique de l&rsquo;Europe et du monde au XXe si\u00e8cle.<\/p>\n<p><strong>PUBLICATIONS IMPORTANTES:<\/strong><\/p>\n<ul>\n<li>Praczyk Ma\u0142gorzata, <em>Reading Monuments. A Comparative Study of Monuments in Pozna\u0144 and Strasbourg from the Nineteenth and Twentieth Centuries<\/em>, trans. Marcin Tereszewski, Berlin: Peter Lang, 2020, pp. 216, fig. 27. <a href=\"https:\/\/doi.org\/10.3726\/b16685\">https:\/\/doi.org\/10.3726\/b16685<\/a><\/li>\n<li><em>Pozna\u0144 \u2013 Strasbourg. Cross-relations in Space and Time<\/em>, ed. Hanna Grzeszczuk-Brendel, Ma\u0142gorzata Praczyk, Wydawnictwo Wydzia\u0142u Historii UAM, Pozna\u0144 2022, pp. 140.<\/li>\n<li>Praczyk Ma\u0142gorzata, <em>The Environmental Dimension of Migration. The case of Poland after World War II<\/em> [in:] <em>Perspectives on Public Policy in Societal-Environmental Crises. What the Future Needs form History,<\/em> Adam Izdebski, John Haldon, Piotr Filipkowski, Springer 2022, p. 333-342, https:\/\/doi.org\/10.1007\/978-3-030-94137-6_22<\/li>\n<li>Praczyk Ma\u0142gorzata, <em>The Power of Myth. The Imagined Nature of Krakow<\/em> [in:] <em> An Ecobiography<\/em>, eds. Adam Izdebski, Rafa\u0142 Szmytka, University of Pitsbourg Press 2021, p. 161-176. ISBN: 9780822946137<\/li>\n<li>Praczyk Ma\u0142gorzata, <em>\u00c9motions en action. L\u2019histoire comparative du vandalisme et de la destruction des monuments comm\u00e9moratifs allemands \u00e0 Strasbourg et Pozna\u0144 en 1918 et 1919<\/em> [in:] <em>Les marques du voisinage. L\u2019Alsace et la Poznanie dans l\u2019ombr des influences germanique<\/em>, eds. Maciej Forycki, Aagnieszka Jakuboszczak avec la collaboration d\u2019Audrey Kichelewski, Eric Hassler et Patrick Werly, Instytut Historii UAM, Pozna\u0144 \u2013 Strasbourg 2019, s. 115-124.<\/li>\n<\/ul>\n<p><strong>MEMBRE des SOCI\u00c9T\u00c9S et ORGANISATIONS SCIENTIFIQUES POLONAISES et INTERNATIONALES:<\/strong><\/p>\n<ul>\n<li>Soci\u00e9t\u00e9 Historique Polonaise<\/li>\n<li>European Society for Environmental History<\/li>\n<\/ul>\n<p><\/p>","protected":false},"excerpt":{"rendered":"<p>DOMAINES de RECHERCHES: Histoire de l&rsquo;environnement; post-humanisme; \u00e9tudes post-coloniales; \u00e9tudes sur la m\u00e9moire; histoire politique de l&rsquo;Europe et du monde au XXe si\u00e8cle. PUBLICATIONS IMPORTANTES: Praczyk Ma\u0142gorzata, Reading Monuments. A Comparative Study of Monuments in Pozna\u0144 and Strasbourg from the Nineteenth and Twentieth Centuries, trans. Marcin Tereszewski, Berlin: Peter Lang, 2020, pp. 216, fig. 27. https:\/\/doi.org\/10.3726\/b16685 Pozna\u0144 \u2013 Strasbourg. Cross-relations in Space and Time, ed. Hanna Grzeszczuk-Brendel, Ma\u0142gorzata Praczyk, Wydawnictwo Wydzia\u0142u Historii UAM, Pozna\u0144 2022, pp. 140. Praczyk Ma\u0142gorzata, The Environmental Dimension of Migration. The case of Poland after World War II [in:] Perspectives on Public Policy in Societal-Environmental Crises. What the Future Needs form History, Adam Izdebski, John Haldon, Piotr Filipkowski, Springer 2022, p. 333-342, https:\/\/doi.org\/10.1007\/978-3-030-94137-6_22 Praczyk Ma\u0142gorzata, The Power of Myth. The Imagined Nature of Krakow [in:] An Ecobiography, eds. Adam Izdebski, Rafa\u0142 Szmytka, University of Pitsbourg Press 2021, p. 161-176. ISBN: 9780822946137 Praczyk Ma\u0142gorzata, \u00c9motions en action. L\u2019histoire comparative du vandalisme et de la destruction des monuments comm\u00e9moratifs allemands \u00e0 Strasbourg et Pozna\u0144 en 1918 et 1919 [in:] Les marques du voisinage. L\u2019Alsace et la Poznanie dans l\u2019ombr des influences germanique, eds. Maciej Forycki, Aagnieszka Jakuboszczak avec la collaboration d\u2019Audrey Kichelewski, Eric Hassler et Patrick Werly, Instytut Historii UAM, Pozna\u0144 \u2013 Strasbourg 2019, s. 115-124. MEMBRE des SOCI\u00c9T\u00c9S et ORGANISATIONS SCIENTIFIQUES POLONAISES et INTERNATIONALES: Soci\u00e9t\u00e9 Historique Polonaise European Society for Environmental History<\/p>\n","protected":false},"author":1,"featured_media":0,"comment_status":"closed","ping_status":"closed","sticky":false,"template":"","format":"standard","meta":[],"categories":[31],"tags":[],"_links":{"self":[{"href":"https:\/\/ichs2020poznan.pl\/fr\/wp-json\/wp\/v2\/posts\/1844"}],"collection":[{"href":"https:\/\/ichs2020poznan.pl\/fr\/wp-json\/wp\/v2\/posts"}],"about":[{"href":"https:\/\/ichs2020poznan.pl\/fr\/wp-json\/wp\/v2\/types\/post"}],"author":[{"embeddable":true,"href":"https:\/\/ichs2020poznan.pl\/fr\/wp-json\/wp\/v2\/users\/1"}],"replies":[{"embeddable":true,"href":"https:\/\/ichs2020poznan.pl\/fr\/wp-json\/wp\/v2\/comments?post=1844"}],"version-history":[{"count":17,"href":"https:\/\/ichs2020poznan.pl\/fr\/wp-json\/wp\/v2\/posts\/1844\/revisions"}],"predecessor-version":[{"id":5988,"href":"https:\/\/ichs2020poznan.pl\/fr\/wp-json\/wp\/v2\/posts\/1844\/revisions\/5988"}],"wp:attachment":[{"href":"https:\/\/ichs2020poznan.pl\/fr\/wp-json\/wp\/v2\/media?parent=1844"}],"wp:term":[{"taxonomy":"category","embeddable":true,"href":"https:\/\/ichs2020poznan.pl\/fr\/wp-json\/wp\/v2\/categories?post=1844"},{"taxonomy":"post_tag","embeddable":true,"href":"https:\/\/ichs2020poznan.pl\/fr\/wp-json\/wp\/v2\/tags?post=1844"}],"curies":[{"name":"wp","href":"https:\/\/api.w.org\/{rel}","templated":true}]}}