{"id":1822,"date":"2016-11-07T14:21:33","date_gmt":"2016-11-07T13:21:33","guid":{"rendered":"https:\/\/ichs2020poznan.pl\/pl\/?p=1822"},"modified":"2021-10-31T18:12:10","modified_gmt":"2021-10-31T17:12:10","slug":"maciej-forycki","status":"publish","type":"post","link":"https:\/\/ichs2020poznan.pl\/fr\/maciej-forycki\/","title":{"rendered":"Maciej Forycki"},"content":{"rendered":"<p><strong>DOMAINES de RECHERCHES :<\/strong><\/p>\n<p>Histoire universelle des temps modernes (XVI-XVIII si\u00e8cles); histoire intellectuelle et culturelle \u00e0 l&rsquo;\u00e9poque des Lumi\u00e8res; histoire de France et histoire des relations polono-fran\u00e7aises; francophonie en Europe centrale et orientale; culture politique des temps modernes; histoire de l&rsquo;id\u00e9e; histoire de Grande-Pologne.<\/p>\n<p><strong>PUBLICATIONS IMPORTANTES<\/strong><\/p>\n<ul>\n<li><span style=\"margin: 0px; color: #333333; font-family: 'Georgia',serif; font-size: 12pt;\"><em>Jeux et sports de la Renaissance \u00e0 nos jours<\/em>, Pozna\u0144 2013 (r\u00e9d., avec A.Jakuboszczak, M.Serwa\u0144ski)<\/span><\/li>\n<li><span style=\"margin: 0px; color: #333333; font-family: 'Georgia',serif; font-size: 12pt;\">C<\/span><i><span style=\"margin: 0px; color: #333333; font-family: 'Georgia',serif; font-size: 12pt;\">horografia Rzeczypospolitej szlacheckiej w Encyklopedii Diderota i d\u2019Alemberta<\/span><\/i><span style=\"margin: 0px; color: #333333; font-family: 'Georgia',serif; font-size: 12pt;\"> [Chorographie de la R\u00e9publique nobiliaire dans l&rsquo;Encyclop\u00e9die de Diderot et d&rsquo;Alembert], Pozna\u0144 2010<\/span><\/li>\n<li><span style=\"margin: 0px; color: #333333; font-family: 'Georgia',serif; font-size: 12pt;\"><em>Religion et nation. Entre l&rsquo;universel et les particularismes, Actes du XIVe Colloque Pozna\u0144-Strasbourg du 28 au 29 septembre 2006<\/em>, Pozna\u0144 2008, (r\u00e9d., M.Serwa\u0144ski)<\/span><\/li>\n<li><span style=\"margin: 0px; color: #333333; font-family: 'Georgia',serif; font-size: 12pt;\"><i>Stanis\u0142aw Leszczy\u0144ski. Sarmata i Europejczyk (1677\u20131766) <\/i>[Stanislas Leszczy\u0144ski, Sarmate et Europ\u00e9en (1677-1766)], Pozna\u0144 2006<\/span><\/li>\n<li><span style=\"margin: 0px; color: #333333; font-family: 'Georgia',serif; font-size: 12pt;\"><em>Amis et ennemis h\u00e9r\u00e9ditaires: les st\u00e9r\u00e9otypes nationaux, Actes du XIIe Colloque Pozna\u0144-Strasbourg des 3-4 octobre 2002<\/em>, Pozna\u0144 2006, (r\u00e9d., M.Serwa\u0144ski)<\/span><\/li>\n<li><i><span style=\"margin: 0px; color: #333333; font-family: 'Georgia',serif; font-size: 12pt;\">Anarchia polska w my\u015bli O\u015bwiecenia. Francuski obraz Rzeczypospolitej szlacheckiej u progu czas\u00f3w stanis\u0142awowskich<\/span><\/i><span style=\"margin: 0px; color: #333333; font-family: 'Georgia',serif; font-size: 12pt;\"> [L&rsquo;anarchie polonaise dans la pens\u00e9e des Lumi\u00e8res. L&rsquo;image fran\u00e7aise de la R\u00e9publique nobiliaire au d\u00e9but des temps du roi Stanislas Auguste Poniatowski], Pozna\u0144 2004<\/span><\/li>\n<li><span style=\"margin: 0px; color: #333333; font-family: 'Georgia',serif; font-size: 12pt;\"><em>La Pologne et l&rsquo;Europe occidentale du Moyen-Age \u00e0 nos jours, Actes du colloque organis\u00e9 par l&rsquo;Universit\u00e9 Paris VII- Denis Diderot, du 28 au 29 octobre 1999<\/em>, Pozna\u0144-Paris 2004 (r\u00e9d., M-L.Pelus-Kaplan, M.Serwa\u0144ski, D.Tollet)<\/span><\/li>\n<li><span style=\"margin: 0px; color: #333333; font-family: 'Georgia',serif; font-size: 12pt;\"><em>Francja, Niemcy i Polska w Europie Nowo\u017cytniej I Najnowszej (XVI-XXw) La France, l&rsquo;Allemagne et la Pologne en Europe moderne et contemporaine (XVI-XX si\u00e8cles). Frankreich, Deutschland und Polen im neuzeitlichen und modernen Europa (16.bis20.Jh). Dix ans du Triangle Weimar, Conf\u00e9rence internationale, Universit\u00e9 Adam Mickiewicz du 11 au 12 octobre 2001<\/em>, Pozna\u0144 2003 (r\u00e9d., \u00a0M.Serwa\u0144ski)<\/span><\/li>\n<li><span style=\"margin: 0px; color: #333333; font-family: 'Georgia',serif; font-size: 12pt;\"><em>L&rsquo;anarchie polonaise: le syst\u00e8me institutionnel de la R\u00e9publique nobiliaire dans la pens\u00e9e des Lumi\u00e8res. Recherches sur les \u00e9changes intellectuels et les relations diplomatiques de la France et de la Pologne au XVIIIe si\u00e8cle<\/em>, Versailles-Pozna\u0144 2001<\/span><span style=\"margin: 0px; color: #333333; font-family: 'Georgia',serif; font-size: 12pt;\">\u00a0<\/span><\/li>\n<\/ul>\n<p><strong>MEMBRE des SOCI\u00c9T\u00c9S et ORGANISATIONS SCIENTIFIQUES POLONAISES et INTERNATIONALES:<\/strong><\/p>\n<ul>\n<li>Soc\u00e9t\u00e9 Polonaise des Recherches sur le XVIIIe si\u00e8cle (membre du directoire et tr\u00e9sorier)<\/li>\n<li>Soci\u00e9t\u00e9 Historique Polonaise<\/li>\n<li>Centre de Recherches \u201cEtats, soci\u00e9t\u00e9, religion, XVIIe-XVIIIe si\u00e8cles en Europe \u00e0l&rsquo;Universit\u00e9 de Versailles Saint-Quentin<\/li>\n<\/ul>\n<p><\/p>","protected":false},"excerpt":{"rendered":"<p>DOMAINES de RECHERCHES : Histoire universelle des temps modernes (XVI-XVIII si\u00e8cles); histoire intellectuelle et culturelle \u00e0 l&rsquo;\u00e9poque des Lumi\u00e8res; histoire de France et histoire des relations polono-fran\u00e7aises; francophonie en Europe centrale et orientale; culture politique des temps modernes; histoire de l&rsquo;id\u00e9e; histoire de Grande-Pologne. PUBLICATIONS IMPORTANTES Jeux et sports de la Renaissance \u00e0 nos jours, Pozna\u0144 2013 (r\u00e9d., avec A.Jakuboszczak, M.Serwa\u0144ski) Chorografia Rzeczypospolitej szlacheckiej w Encyklopedii Diderota i d\u2019Alemberta [Chorographie de la R\u00e9publique nobiliaire dans l&rsquo;Encyclop\u00e9die de Diderot et d&rsquo;Alembert], Pozna\u0144 2010 Religion et nation. Entre l&rsquo;universel et les particularismes, Actes du XIVe Colloque Pozna\u0144-Strasbourg du 28 au 29 septembre 2006, Pozna\u0144 2008, (r\u00e9d., M.Serwa\u0144ski) Stanis\u0142aw Leszczy\u0144ski. Sarmata i Europejczyk (1677\u20131766) [Stanislas Leszczy\u0144ski, Sarmate et Europ\u00e9en (1677-1766)], Pozna\u0144 2006 Amis et ennemis h\u00e9r\u00e9ditaires: les st\u00e9r\u00e9otypes nationaux, Actes du XIIe Colloque Pozna\u0144-Strasbourg des 3-4 octobre 2002, Pozna\u0144 2006, (r\u00e9d., M.Serwa\u0144ski) Anarchia polska w my\u015bli O\u015bwiecenia. Francuski obraz Rzeczypospolitej szlacheckiej u progu czas\u00f3w stanis\u0142awowskich [L&rsquo;anarchie polonaise dans la pens\u00e9e des Lumi\u00e8res. L&rsquo;image fran\u00e7aise de la R\u00e9publique nobiliaire au d\u00e9but des temps du roi Stanislas Auguste Poniatowski], Pozna\u0144 2004 La Pologne et l&rsquo;Europe occidentale du Moyen-Age \u00e0 nos jours, Actes du colloque organis\u00e9 par l&rsquo;Universit\u00e9 Paris VII- Denis Diderot, du 28 au 29 octobre 1999, Pozna\u0144-Paris 2004 (r\u00e9d., M-L.Pelus-Kaplan, M.Serwa\u0144ski, D.Tollet) Francja, Niemcy i Polska w Europie Nowo\u017cytniej I Najnowszej (XVI-XXw) La France, l&rsquo;Allemagne et la Pologne en Europe moderne et contemporaine (XVI-XX si\u00e8cles). Frankreich, Deutschland und Polen im neuzeitlichen und modernen Europa (16.bis20.Jh). Dix ans du Triangle Weimar, Conf\u00e9rence internationale, Universit\u00e9 Adam Mickiewicz du 11 au 12 octobre 2001, Pozna\u0144 2003 (r\u00e9d., \u00a0M.Serwa\u0144ski) L&rsquo;anarchie polonaise: le syst\u00e8me institutionnel de la R\u00e9publique nobiliaire dans la pens\u00e9e des Lumi\u00e8res. Recherches sur les \u00e9changes intellectuels et les relations diplomatiques de la France et de la Pologne au XVIIIe si\u00e8cle, Versailles-Pozna\u0144 2001\u00a0 MEMBRE des SOCI\u00c9T\u00c9S et ORGANISATIONS SCIENTIFIQUES POLONAISES et INTERNATIONALES: Soc\u00e9t\u00e9 Polonaise des Recherches sur le XVIIIe si\u00e8cle (membre du directoire et tr\u00e9sorier) Soci\u00e9t\u00e9 Historique Polonaise Centre de Recherches \u201cEtats, soci\u00e9t\u00e9, religion, XVIIe-XVIIIe si\u00e8cles en Europe \u00e0l&rsquo;Universit\u00e9 de Versailles Saint-Quentin<\/p>\n","protected":false},"author":7,"featured_media":0,"comment_status":"closed","ping_status":"closed","sticky":false,"template":"","format":"standard","meta":[],"categories":[32,31],"tags":[],"_links":{"self":[{"href":"https:\/\/ichs2020poznan.pl\/fr\/wp-json\/wp\/v2\/posts\/1822"}],"collection":[{"href":"https:\/\/ichs2020poznan.pl\/fr\/wp-json\/wp\/v2\/posts"}],"about":[{"href":"https:\/\/ichs2020poznan.pl\/fr\/wp-json\/wp\/v2\/types\/post"}],"author":[{"embeddable":true,"href":"https:\/\/ichs2020poznan.pl\/fr\/wp-json\/wp\/v2\/users\/7"}],"replies":[{"embeddable":true,"href":"https:\/\/ichs2020poznan.pl\/fr\/wp-json\/wp\/v2\/comments?post=1822"}],"version-history":[{"count":20,"href":"https:\/\/ichs2020poznan.pl\/fr\/wp-json\/wp\/v2\/posts\/1822\/revisions"}],"predecessor-version":[{"id":2744,"href":"https:\/\/ichs2020poznan.pl\/fr\/wp-json\/wp\/v2\/posts\/1822\/revisions\/2744"}],"wp:attachment":[{"href":"https:\/\/ichs2020poznan.pl\/fr\/wp-json\/wp\/v2\/media?parent=1822"}],"wp:term":[{"taxonomy":"category","embeddable":true,"href":"https:\/\/ichs2020poznan.pl\/fr\/wp-json\/wp\/v2\/categories?post=1822"},{"taxonomy":"post_tag","embeddable":true,"href":"https:\/\/ichs2020poznan.pl\/fr\/wp-json\/wp\/v2\/tags?post=1822"}],"curies":[{"name":"wp","href":"https:\/\/api.w.org\/{rel}","templated":true}]}}