{"id":2966,"date":"2017-02-27T16:41:20","date_gmt":"2017-02-27T15:41:20","guid":{"rendered":"https:\/\/ichs2020poznan.pl\/pl\/?p=2966"},"modified":"2017-02-28T12:47:42","modified_gmt":"2017-02-28T11:47:42","slug":"robert-kostro","status":"publish","type":"post","link":"https:\/\/ichs2020poznan.pl\/en\/robert-kostro\/","title":{"rendered":"Robert Kostro"},"content":{"rendered":"<p>A historian, a journalist and\u00a0from 2006\u00a0a director of the Museum of Polish History in Warsaw. He graduated from the Faculty of History at the University of Warsaw. He was an activist in the Young Poland Movement in the 1980s. He also worked as a journalist and editor in such magazines as &#8220;Polityka Polska&#8221;, &#8220;Debata&#8221;, &#8220;Kwartalnik Konserwatywny&#8221;. In the 1990s he was head of the Department of Foreign Affairs in the Chancellery of the Prime Minister\u00a0 and head of the Cabinet of the Minister of Culture and National Heritage.<br \/>\nHe was the co-creator and programming director of Adam Mickiewicz Institute. He was in charge of the preparations for the Europalia Festival in Poland in 2001. He was a member of the Trust Board of the Royal Castle in Warsaw and a member of the Council for the Protection of Struggle and Martyrdom Sites. He is also a member of the editorial board in Ossoli\u0144ski National Institute. He wrote articles about history, foreign policy, cultural politics and religion for such newspapers and magazines as &#8220;Rzeczpospolita&#8221;, &#8220;Gazeta Wyborcza&#8221;, &#8220;Tygodnik Powszechny&#8221;, &#8220;Przegl\u0105d Polityczny&#8221;, &#8220;Wi\u0119\u017a&#8221;. He co-authored and co-edited many books, eg. with Tomasz Merta: &#8220;Pami\u0119\u0107 i odpowiedzialno\u015b\u0107&#8221; (2004)\u00a0 and &#8220;Historia Polski od-nowa. Nowe narracje historii i muzealne reprezentacje przesz\u0142o\u015bci&#8221; (2014).<\/p>","protected":false},"excerpt":{"rendered":"<p>A historian, a journalist and\u00a0from 2006\u00a0a director of the Museum of Polish History in Warsaw. He graduated from the Faculty of History at the University of Warsaw. He was an activist in the Young Poland Movement in the 1980s. He also worked as a journalist and editor in such magazines as &#8220;Polityka Polska&#8221;, &#8220;Debata&#8221;, &#8220;Kwartalnik Konserwatywny&#8221;. In the 1990s he was head of the Department of Foreign Affairs in the Chancellery of the Prime Minister\u00a0 and head of the Cabinet of the Minister of Culture and National Heritage. He was the co-creator and programming director of Adam Mickiewicz Institute. He was in charge of the preparations for the Europalia Festival in Poland in 2001. He was a member of the Trust Board of the Royal Castle in Warsaw and a member of the Council for the Protection of Struggle and Martyrdom Sites. He is also a member of the editorial board in Ossoli\u0144ski National Institute. He wrote articles about history, foreign policy, cultural politics and religion for such newspapers and magazines as &#8220;Rzeczpospolita&#8221;, &#8220;Gazeta Wyborcza&#8221;, &#8220;Tygodnik Powszechny&#8221;, &#8220;Przegl\u0105d Polityczny&#8221;, &#8220;Wi\u0119\u017a&#8221;. He co-authored and co-edited many books, eg. with Tomasz Merta: &#8220;Pami\u0119\u0107 i odpowiedzialno\u015b\u0107&#8221; (2004)\u00a0 and &#8220;Historia Polski od-nowa. Nowe narracje historii i muzealne reprezentacje przesz\u0142o\u015bci&#8221; (2014).<\/p>\n","protected":false},"author":4,"featured_media":2967,"comment_status":"closed","ping_status":"closed","sticky":false,"template":"","format":"standard","meta":[],"categories":[32,29],"tags":[],"_links":{"self":[{"href":"https:\/\/ichs2020poznan.pl\/en\/wp-json\/wp\/v2\/posts\/2966"}],"collection":[{"href":"https:\/\/ichs2020poznan.pl\/en\/wp-json\/wp\/v2\/posts"}],"about":[{"href":"https:\/\/ichs2020poznan.pl\/en\/wp-json\/wp\/v2\/types\/post"}],"author":[{"embeddable":true,"href":"https:\/\/ichs2020poznan.pl\/en\/wp-json\/wp\/v2\/users\/4"}],"replies":[{"embeddable":true,"href":"https:\/\/ichs2020poznan.pl\/en\/wp-json\/wp\/v2\/comments?post=2966"}],"version-history":[{"count":6,"href":"https:\/\/ichs2020poznan.pl\/en\/wp-json\/wp\/v2\/posts\/2966\/revisions"}],"predecessor-version":[{"id":2975,"href":"https:\/\/ichs2020poznan.pl\/en\/wp-json\/wp\/v2\/posts\/2966\/revisions\/2975"}],"wp:featuredmedia":[{"embeddable":true,"href":"https:\/\/ichs2020poznan.pl\/en\/wp-json\/wp\/v2\/media\/2967"}],"wp:attachment":[{"href":"https:\/\/ichs2020poznan.pl\/en\/wp-json\/wp\/v2\/media?parent=2966"}],"wp:term":[{"taxonomy":"category","embeddable":true,"href":"https:\/\/ichs2020poznan.pl\/en\/wp-json\/wp\/v2\/categories?post=2966"},{"taxonomy":"post_tag","embeddable":true,"href":"https:\/\/ichs2020poznan.pl\/en\/wp-json\/wp\/v2\/tags?post=2966"}],"curies":[{"name":"wp","href":"https:\/\/api.w.org\/{rel}","templated":true}]}}